{"id":754,"date":"2018-03-22T21:26:49","date_gmt":"2018-03-22T20:26:49","guid":{"rendered":"http:\/\/sportschiessen-neiden.de\/?p=754"},"modified":"2018-03-22T21:28:05","modified_gmt":"2018-03-22T20:28:05","slug":"im-nachhinein-bin-ich-mit-meiner-leistung-zufrieden","status":"publish","type":"post","link":"https:\/\/sportschiessen-neiden.de\/?p=754","title":{"rendered":"Im Nachhinein bin ich mit meiner Leistung zufrieden"},"content":{"rendered":"<span class=\"span-reading-time rt-reading-time\" style=\"display: block;\"><span class=\"rt-label rt-prefix\">Lesedauer<\/span> <span class=\"rt-time\"> 2<\/span> <span class=\"rt-label rt-postfix\">Minuten<\/span><\/span><p class=\"yiv9824065905ydp8167c92eyiv0339146431msolistparagraph\">F\u00fcr den Flintensch\u00fctzen des Schiesssportclubs Neiden 1997 e.V., Marco Kross ging es Anfang M\u00e4rz mit der deutschen Nationalmannschaft zum Weltcup nach Mexiko. <!--more-->Nach einem guten Flug, wurde Marco leider die Einreise in Mexiko erschwert, da den Mexikanischen Beh\u00f6rden keine Einreisepapieren vorlagen, doch das kl\u00e4rte sich auf und so konnte er nach einer \u201eWachphase\u201c von 32 Stunden im Hotel einchecken. Der kommende Tag blieb der Mannschaft zur Akklimatisierung und Abholung der Waffen von den Beh\u00f6rden. Dann folgten drei intensive Trainingstage um sich an den Schie\u00dfstand und die herrschenden klimatischen Bedingungen, mit t\u00e4glich 30\u00b0C \u2013 35\u00b0C und strahlend blauem Himmel, zu gew\u00f6hnen. Das Training lief super f\u00fcr Kross, doch die Wettkampfnervosit\u00e4t stieg langsam etwas an. Die ersten Wettkampfsch\u00fcsse meisterte er mit weichen Knien, doch nach den ersten Minuten gewann er mehr und mehr an Sicherheit. Nach 2x 22 und 2x 23 Treffern landete er in der Letzten Runde eine sogenannte \u201eVolle\u201c, sprich 25 Treffer von 25 M\u00f6glichen. Marco ging mit einem Ergebnis von insgesamt 115 getroffenen Scheiben und damit dem 21. Platz vom Schie\u00dfstand. \u201eEin Schnitt von 23 ist ok f\u00fcr die noch anlaufende Saison. Pers\u00f6nlich war ich am Anfang nicht ganz zufrieden, da die Bedingen echt super waren. Mit etwas Abstand betrachtet, bin ich aber nun doch zufriedener mit der Leistung als noch in Mexiko.\u201c, res\u00fcmierte Marco Kross.<\/p>\n<p class=\"yiv9824065905ydp8167c92eyiv0339146431msolistparagraph\">Neben den Einzelwettbewerben stand auch noch der Wettkampf im Mixed Team mit Christiane G\u00f6hring (Suhl) an. Hierbei wurde nach neuem Modus beim Flintenschie\u00dfen Trap geschossen.<\/p>\n<p class=\"yiv9824065905ydp8167c92eyiv0339146431msolistparagraph\">Das Wetter und die Bedingungen waren immer noch top und auch zwischenmenschlich verstand sich das Team. Gute Voraussetzungen also f\u00fcr den kommenden Wettkampf.<\/p>\n<p class=\"yiv9824065905ydp8167c92eyiv0339146431msolistparagraph\">Und so schossen beide je 75 Scheiben. Die Krux an diesem Modus war f\u00fcr Marco jedoch, dass er direkt neben Christiane sein K\u00f6nnen unter Beweis stellen musste und es f\u00fcr ihn schwierig war sich neben der Teamleistung nur auf sich zu konzentrieren. Beide haben jedoch gek\u00e4mpft und kamen mit einer Leistung von 66 (M. Kross) bzw. 60 (C. G\u00f6hring) Treffern, also einer Teamleistung mit 126 von 150 getroffenen Scheiben, auf Rang 18 ein.<\/p>\n<p class=\"yiv9824065905ydp8167c92eyiv0339146431msonormal\">F\u00fcr Kross war es der erste Auftritt in der Nationalmannschaft. Erst im November 2017 hat er von seiner Nominierung erfahren und dennoch kam er zu einem positiven Fazit: \u201e\u00a0Es war eine super Erfahrung in einem hohen internationalen Feld zu starten. Ich konnte mir ein Bild machen, wie es zu solchen gro\u00dfen internationalen Wettk\u00e4mpfen zugeht. Mein n\u00e4chstes Ziel ist die Europameisterschaft in \u00d6sterreich, auf die ich mich wieder intensiv vorbereiten werde.\u201c<\/p>\n<div id='gallery-1' class='gallery galleryid-754 gallery-columns-3 gallery-size-thumbnail'><figure class='gallery-item'>\n\t\t\t<div class='gallery-icon portrait'>\n\t\t\t\t<a href='https:\/\/sportschiessen-neiden.de\/wp-content\/uploads\/2018\/03\/Bild_2.jpeg'><img loading=\"lazy\" decoding=\"async\" width=\"150\" height=\"150\" src=\"https:\/\/sportschiessen-neiden.de\/wp-content\/uploads\/2018\/03\/Bild_2-150x150.jpeg\" class=\"attachment-thumbnail size-thumbnail\" alt=\"\" srcset=\"https:\/\/sportschiessen-neiden.de\/wp-content\/uploads\/2018\/03\/Bild_2-150x150.jpeg 150w, https:\/\/sportschiessen-neiden.de\/wp-content\/uploads\/2018\/03\/Bild_2-100x100.jpeg 100w\" sizes=\"auto, 100vw\" data-copyright=\"\" data-headline=\"Bild_2\" data-description=\"\" \/><\/a>\n\t\t\t<\/div><\/figure><figure class='gallery-item'>\n\t\t\t<div class='gallery-icon landscape'>\n\t\t\t\t<a href='https:\/\/sportschiessen-neiden.de\/wp-content\/uploads\/2018\/03\/Bild_3.jpeg'><img loading=\"lazy\" decoding=\"async\" width=\"150\" height=\"150\" src=\"https:\/\/sportschiessen-neiden.de\/wp-content\/uploads\/2018\/03\/Bild_3-150x150.jpeg\" class=\"attachment-thumbnail size-thumbnail\" alt=\"\" srcset=\"https:\/\/sportschiessen-neiden.de\/wp-content\/uploads\/2018\/03\/Bild_3-150x150.jpeg 150w, https:\/\/sportschiessen-neiden.de\/wp-content\/uploads\/2018\/03\/Bild_3-100x100.jpeg 100w\" sizes=\"auto, 100vw\" data-copyright=\"\" data-headline=\"Bild_3\" data-description=\"\" \/><\/a>\n\t\t\t<\/div><\/figure><figure class='gallery-item'>\n\t\t\t<div class='gallery-icon landscape'>\n\t\t\t\t<a href='https:\/\/sportschiessen-neiden.de\/wp-content\/uploads\/2018\/03\/Bild_4.jpeg'><img loading=\"lazy\" decoding=\"async\" width=\"150\" height=\"150\" src=\"https:\/\/sportschiessen-neiden.de\/wp-content\/uploads\/2018\/03\/Bild_4-150x150.jpeg\" class=\"attachment-thumbnail size-thumbnail\" alt=\"\" srcset=\"https:\/\/sportschiessen-neiden.de\/wp-content\/uploads\/2018\/03\/Bild_4-150x150.jpeg 150w, https:\/\/sportschiessen-neiden.de\/wp-content\/uploads\/2018\/03\/Bild_4-100x100.jpeg 100w\" sizes=\"auto, 100vw\" data-copyright=\"\" data-headline=\"Bild_4\" data-description=\"\" \/><\/a>\n\t\t\t<\/div><\/figure>\n\t\t<\/div>\n\n<p class=\"yiv9824065905ydp8167c92emsonormal\">Diana Kammer<\/p>\n","protected":false},"excerpt":{"rendered":"<p><span class=\"span-reading-time rt-reading-time\" style=\"display: block;\"><span class=\"rt-label rt-prefix\">Lesedauer<\/span> <span class=\"rt-time\"> 2<\/span> <span class=\"rt-label rt-postfix\">Minuten<\/span><\/span>F\u00fcr den Flintensch\u00fctzen des Schiesssportclubs Neiden 1997 e.V., Marco Kross ging es Anfang M\u00e4rz mit der deutschen Nationalmannschaft zum Weltcup nach Mexiko.<\/p>\n","protected":false},"author":1,"featured_media":755,"comment_status":"closed","ping_status":"closed","sticky":false,"template":"","format":"standard","meta":{"footnotes":""},"categories":[3],"tags":[14,15],"class_list":["post-754","post","type-post","status-publish","format-standard","has-post-thumbnail","hentry","category-startseite","tag-marco-kross","tag-weltcup-mexiko"],"_links":{"self":[{"href":"https:\/\/sportschiessen-neiden.de\/index.php?rest_route=\/wp\/v2\/posts\/754","targetHints":{"allow":["GET"]}}],"collection":[{"href":"https:\/\/sportschiessen-neiden.de\/index.php?rest_route=\/wp\/v2\/posts"}],"about":[{"href":"https:\/\/sportschiessen-neiden.de\/index.php?rest_route=\/wp\/v2\/types\/post"}],"author":[{"embeddable":true,"href":"https:\/\/sportschiessen-neiden.de\/index.php?rest_route=\/wp\/v2\/users\/1"}],"replies":[{"embeddable":true,"href":"https:\/\/sportschiessen-neiden.de\/index.php?rest_route=%2Fwp%2Fv2%2Fcomments&post=754"}],"version-history":[{"count":2,"href":"https:\/\/sportschiessen-neiden.de\/index.php?rest_route=\/wp\/v2\/posts\/754\/revisions"}],"predecessor-version":[{"id":760,"href":"https:\/\/sportschiessen-neiden.de\/index.php?rest_route=\/wp\/v2\/posts\/754\/revisions\/760"}],"wp:featuredmedia":[{"embeddable":true,"href":"https:\/\/sportschiessen-neiden.de\/index.php?rest_route=\/wp\/v2\/media\/755"}],"wp:attachment":[{"href":"https:\/\/sportschiessen-neiden.de\/index.php?rest_route=%2Fwp%2Fv2%2Fmedia&parent=754"}],"wp:term":[{"taxonomy":"category","embeddable":true,"href":"https:\/\/sportschiessen-neiden.de\/index.php?rest_route=%2Fwp%2Fv2%2Fcategories&post=754"},{"taxonomy":"post_tag","embeddable":true,"href":"https:\/\/sportschiessen-neiden.de\/index.php?rest_route=%2Fwp%2Fv2%2Ftags&post=754"}],"curies":[{"name":"wp","href":"https:\/\/api.w.org\/{rel}","templated":true}]}}