{"id":732,"date":"2018-03-01T09:19:13","date_gmt":"2018-03-01T08:19:13","guid":{"rendered":"http:\/\/sportschiessen-neiden.de\/?p=732"},"modified":"2018-03-01T09:26:27","modified_gmt":"2018-03-01T08:26:27","slug":"interview-marco-kross","status":"publish","type":"post","link":"https:\/\/sportschiessen-neiden.de\/?p=732","title":{"rendered":"Interview Marco Kross"},"content":{"rendered":"<span class=\"span-reading-time rt-reading-time\" style=\"display: block;\"><span class=\"rt-label rt-prefix\">Lesedauer<\/span> <span class=\"rt-time\"> 4<\/span> <span class=\"rt-label rt-postfix\">Minuten<\/span><\/span><p>In wenigen Tagen geht es f\u00fcr Marco Kross vom Schie\u00dfsportclub Neiden 1997 e.V. nach Guadalajara, der zweitgr\u00f6\u00dften Stadt Mexikos zum Weltcup der Flintendisziplinen. <!--more-->Dabei hat der 25-j\u00e4hrige Bundeskader (B-Kader) vor noch gar nicht allzu langer Zeit erfahren. Wie der Gesundheits- und Krankenpfleger einen Vollzeitjob und das intensive Training eines Leistungssportlers unter einen Hut bringt und was er zu seinem Start beim Weltcup sagt, ist im folgenden Interview nachzulesen:<\/p>\n<p><strong>1. In der Vergangenheit h\u00f6rte man oft von Teamkollege Paul Pigorsch, jetzt stehst du mal im Mittelpunkt. Wie f\u00fchlt sich das an?<\/strong><br \/>\nIch pers\u00f6nlich mag den Rummel um meine Person gar nicht. Ich habe es auch keinem weiter erz\u00e4hlt, dass ich seit Januar 2018 wieder in der Nationalmannschaft bin, au\u00dfer denjenigen, die es wissen wollten und die mich pers\u00f6nlich darauf angesprochen haben. Wenn nat\u00fcrlich jemand eine Frage an mich hat bez\u00fcglich dieses Themas bekommt derjenige auch eine Antwort, aber im Mittelpunkt stehe ich ungern.<br \/>\nUnd mit meinem Teamkollegen Paul komm ich super aus. Wir trainieren zusammen, lachen in der Pause und es gibt dem Training die gewisse W\u00fcrze, wenn zwei Sportler mit \u00e4hnlichem Leistungsniveau zusammen trainieren k\u00f6nnen.<\/p>\n<p><strong>\u00a02. Holst du dir Tipps von Vorbildern? Wer ist dein Vorbild?<\/strong><br \/>\nSich mit erfahreneren Sportlern auszutauschen und ins Gespr\u00e4ch zu kommen, kann immer hilfreich sein, solange man dann diese Tipps in seinen eigenen Rhythmus aufnimmt und nicht versucht einen anderen zu \u00fcbernehmen oder zu kopieren. Sobald man versucht alles anders zu machen, geht es laut meiner Erfahrung schief. Man sollte sich als Sportler auf seinen eigenen Rhythmus, sein eigenes K\u00f6nnen verlassen und selbstbewusst auftreten.<br \/>\nEin richtiges Vorbild habe ich zurzeit nicht. In meiner Anfangszeit beim\u00a0 Schie\u00dfen war mein Vorbild Michael Schumacher. Ja er war kein Sportsch\u00fctze, aber er hat f\u00fcr mich alles vereint was einen Sportler ausmacht &#8211; Willensst\u00e4rke, Entschlossenheit, Kampfgeist, Fairplay. Nat\u00fcrlich schaut man zu den gro\u00dfen Namen unserer Szene auch auf wie z.B. Karsten Bindrich oder Andy L\u00f6w, aber ich w\u00fcrde diese beiden nicht als Vorbilder sehen sondern eher als Motivation.<\/p>\n<p><strong>3. Bei welchen internationalen Wettbewerben konntest du bereits Erfahrungen sammeln?<\/strong><br \/>\nIch bestritt in meiner Zeit in der Klasse der Junioren zweimal den Internationalen-Wettkampf (IWK) der Junioren in Suhl und ein Trainingslager mit Wettkampf in Lonato del Garda in Italien. Seitdem ich in der Herrenklasse schie\u00dfe, kamen noch drei Starts beim internationalen Brandenburg-Cup in Frankfurt\/Oder und ein Start beim Internationalen Shootgun-Cup in Suhl hinzu.<\/p>\n<p><strong>4. Nun wurde recht kurzfristig bekannt dass du in Mexiko teilnimmst. Seit wann wei\u00dft du davon?<\/strong><br \/>\nVon der Teilnahme in Mexiko wei\u00df ich bereits oder auch erst seit Anfang November letzten Jahres und konnte mich somit schon sowohl physisch als auch psychisch darauf vorbereiten.<\/p>\n<p><strong>5. Wie war das Gef\u00fchl\/ deine Reaktion als du davon erfahren hast?<\/strong><br \/>\nWenn ich ehrlich bin, war meine Reaktion eher k\u00fchl. Meine ersten Gedanken waren. \u201eCool du fliegst zum Weltcup! Naja gut, dann machen wir das mal mit.\u201c und das mit einem eher n\u00fcchternem Gesichtsausdruck. Mit der Zeit jetzt kam nat\u00fcrlich die Freude auf und die Info verbreitete sich auch schnell im Verein, im Privaten und auf Arbeit. Von \u00fcberall kamen\u00a0 Gl\u00fcckw\u00fcnsche und dass man mir die Daumen dr\u00fcckt.<\/p>\n<p><strong>6. Wie viele deutsche Starter sind dabei?<\/strong><br \/>\nWir sind zu viert In der Disziplin Flinte Trap. Zwei Frauen und zwei M\u00e4nner, die jeweils im Einzel starten und dann noch einen Mixed-Team Wettbewerb schie\u00dfen.\u00a0 Das Mixed-Team besteht jeweils aus einem weiblichen und einem m\u00e4nnlichen Sportler. Beide schie\u00dfen noch einmal einen separaten Wettkampf, welcher extra gewertet wird, wobei beide Ergebnisse zusammen gezogen werden.<\/p>\n<p><strong>7. Die Vorbereitungszeit f\u00fcr deine Teilnahme ist relativ kurz oder?<\/strong><br \/>\nDie kurze Zeit ist eher nicht das Problem, sondern das Wetter hier bei uns in dieser Jahreszeit. Ich meine es ist Winter. Es ist nun einmal kalt und da wir eine Outdoor-Sportart sind, ist uns schon bewusst, dass uns das Wetter immer einmal einen Strich durch die Rechnung machen kann. Ich habe trotzdem versucht das Bestm\u00f6gliche zur Vorbereitung zu tun. Habe intensiv in Neiden auf meinem Heimstand trainiert und etwas am Olympiast\u00fctzpunkt in Frankfurt\/Oder. Ich lass mich einfach \u00fcberraschen, was es am Ende alles gebracht hat.<\/p>\n<p><strong>8. Wie hast du dich vorbereitet, zumal hier ja nun gerade Winter ist, in Mexiko hingegen sind es so um die 25 Grad?<\/strong><br \/>\nWie bereits erw\u00e4hnt habe ich jede M\u00f6glichkeit genutzt &#8211; selbst bei minusgraden wurde trainiert. Dann wurde halt eine kurze (10-15 Wurfscheiben) statt einer normalen (25 Scheiben) Runde geschossen. Dazu war ich regelm\u00e4\u00dfig schwimmen, insofern es mir meine Arbeitszeiten erlaubt haben. Die W\u00e4rme in Mexiko kommt mir sehr entgegen. Ich f\u00fchl mich da einfach wohler wenn es um mich herum sch\u00f6n warm ist. Das ist allerdings nur auf dem Schie\u00dfstand so, ansonsten muss es nicht so br\u00fctend warm sein.<\/p>\n<p><strong>9. Welche Erwartungen hast du f\u00fcr deine Teilnahme?<\/strong><br \/>\nMein Ziel welches ich habe ist nicht Letzter zu werden und kein allzu schlechtes Ergebnis zum Schluss zu erzielen. Blamieren kann ich mich ja nicht. Es ist mein erster internationaler Einsatz und ich kann locker auftreten, ohne jeglichen Druck und ohne Erwartungen. Ich sage mal so, es ist mein erster gro\u00dfer internationaler Einsatz f\u00fcr die Nationalmannschaft, ich erwarte nicht zu viel von mir selbst &#8211; einfach die bisherige Leistung umsetzen. Und im Moment mache ich mir mehr Gedanken ob mein Gep\u00e4ck auch ankommt als \u00fcber das Schie\u00dfen an sich.<\/p>\n<p><strong>10. Wann geht es los und wann sollten alle Daumen gedr\u00fcckt sein?<\/strong><br \/>\nMein Flug startet am Mittwoch, 28. Februar um 06:00 Uhr in Leipzig und ich bin dann nach Zwischenstopp in Frankfurt Main und Houston (Texas, USA) 23:54 Uhr in Mexiko, nat\u00fcrlich mit Zeitverschiebung. Die Daumen k\u00f6nnen am 03. und 04. M\u00e4rz gedr\u00fcckt werden.<\/p>\n<p>Diana Kammer<\/p>\n","protected":false},"excerpt":{"rendered":"<p><span class=\"span-reading-time rt-reading-time\" style=\"display: block;\"><span class=\"rt-label rt-prefix\">Lesedauer<\/span> <span class=\"rt-time\"> 4<\/span> <span class=\"rt-label rt-postfix\">Minuten<\/span><\/span>In wenigen Tagen geht es f\u00fcr Marco Kross vom Schie\u00dfsportclub Neiden 1997 e.V. nach Guadalajara, der zweitgr\u00f6\u00dften Stadt Mexikos zum Weltcup der Flintendisziplinen.<\/p>\n","protected":false},"author":1,"featured_media":733,"comment_status":"closed","ping_status":"closed","sticky":false,"template":"","format":"standard","meta":{"footnotes":""},"categories":[3],"tags":[],"class_list":["post-732","post","type-post","status-publish","format-standard","has-post-thumbnail","hentry","category-startseite"],"_links":{"self":[{"href":"https:\/\/sportschiessen-neiden.de\/index.php?rest_route=\/wp\/v2\/posts\/732","targetHints":{"allow":["GET"]}}],"collection":[{"href":"https:\/\/sportschiessen-neiden.de\/index.php?rest_route=\/wp\/v2\/posts"}],"about":[{"href":"https:\/\/sportschiessen-neiden.de\/index.php?rest_route=\/wp\/v2\/types\/post"}],"author":[{"embeddable":true,"href":"https:\/\/sportschiessen-neiden.de\/index.php?rest_route=\/wp\/v2\/users\/1"}],"replies":[{"embeddable":true,"href":"https:\/\/sportschiessen-neiden.de\/index.php?rest_route=%2Fwp%2Fv2%2Fcomments&post=732"}],"version-history":[{"count":4,"href":"https:\/\/sportschiessen-neiden.de\/index.php?rest_route=\/wp\/v2\/posts\/732\/revisions"}],"predecessor-version":[{"id":741,"href":"https:\/\/sportschiessen-neiden.de\/index.php?rest_route=\/wp\/v2\/posts\/732\/revisions\/741"}],"wp:featuredmedia":[{"embeddable":true,"href":"https:\/\/sportschiessen-neiden.de\/index.php?rest_route=\/wp\/v2\/media\/733"}],"wp:attachment":[{"href":"https:\/\/sportschiessen-neiden.de\/index.php?rest_route=%2Fwp%2Fv2%2Fmedia&parent=732"}],"wp:term":[{"taxonomy":"category","embeddable":true,"href":"https:\/\/sportschiessen-neiden.de\/index.php?rest_route=%2Fwp%2Fv2%2Fcategories&post=732"},{"taxonomy":"post_tag","embeddable":true,"href":"https:\/\/sportschiessen-neiden.de\/index.php?rest_route=%2Fwp%2Fv2%2Ftags&post=732"}],"curies":[{"name":"wp","href":"https:\/\/api.w.org\/{rel}","templated":true}]}}