{"id":2953,"date":"2025-10-24T16:37:32","date_gmt":"2025-10-24T14:37:32","guid":{"rendered":"https:\/\/sportschiessen-neiden.de\/?p=2953"},"modified":"2025-10-24T16:38:18","modified_gmt":"2025-10-24T14:38:18","slug":"24-koenigsadlerschiessen","status":"publish","type":"post","link":"https:\/\/sportschiessen-neiden.de\/?p=2953","title":{"rendered":"24. K\u00f6nigsadlerschie\u00dfen"},"content":{"rendered":"<span class=\"span-reading-time rt-reading-time\" style=\"display: block;\"><span class=\"rt-label rt-prefix\">Lesedauer<\/span> <span class=\"rt-time\"> &lt; 1<\/span> <span class=\"rt-label rt-postfix\">Minute<\/span><\/span>\n<p style=\"font-weight: 400;\">Auch das diesj\u00e4hrige K\u00f6nigsadlerschie\u00dfen war wieder ein voller Erfolg. Bei sch\u00f6nem Sonnenschein trafen sich zahlreiche Vereinsmitglieder sowie einige Gastsch\u00fctzen zum Kampf um die Krone des Sch\u00fctzenk\u00f6nigs. <!--more-->Gestartet wurde am 06.09. um 13 Uhr und nach erfolgreicher Anmeldung ging der Spa\u00df los. Nicht nur die Jagd nach einer Troph\u00e4e vom K\u00f6nigsadler stand auf der Tagesordnung, so konnte man nebenbei auch um die Ehrenscheibe schie\u00dfen. Wie die Tradition es besagt, wurde der 1. Schuss auf den K\u00f6nigsadler durch den bis dahin amtierenden Sch\u00fctzenk\u00f6nig Fritz M\u00fcller abgegeben.<\/p>\n<p style=\"font-weight: 400;\">Die einzelnen Troph\u00e4en wurden erfolgreich abgeschossen:<\/p>\n<ol>\n<li style=\"font-weight: 400;\"><span style=\"color: #008000;\">Krone: 14:15 Uhr durch Fritz M\u00fcller mit dem 203. Schuss<\/span><\/li>\n<li style=\"font-weight: 400;\"><span style=\"color: #008000;\">Apfel: 14:45 Uhr durch Marco Kro\u00df mit dem 339. Schuss<\/span><\/li>\n<li style=\"font-weight: 400;\"><span style=\"color: #008000;\">Zepter: 14:55 Uhr durch Gerald Nitzsche mit dem 387. Schuss<\/span><\/li>\n<li style=\"font-weight: 400;\"><span style=\"color: #008000;\">Fl\u00fcgel rechts: 15:15 Uhr durch Daniel P\u00f6lkner mit dem 469. Schuss<\/span><\/li>\n<li style=\"font-weight: 400;\"><span style=\"color: #008000;\">Fl\u00fcgel links: 15:40 Uhr durch Florian Henze mit dem 587. Schuss<\/span><\/li>\n<li style=\"font-weight: 400;\"><span style=\"color: #008000;\">Sto\u00df: 16:05 Uhr durch Toni Peisker mit dem 698. Schuss<\/span><\/li>\n<\/ol>\n<p style=\"font-weight: 400;\">Sch\u00fctzenk\u00f6nigin wurde unsere Vereinsvorsitzende, Heidrun Murche, indem sie um 16:40 Uhr mit dem 845. Schuss den Adler von der Stange schoss.<br \/>Am Stand um die Ehrenscheibe, gewann Kathrin Murche mit der besten 10 die Ehrenscheibe.<\/p>\n<p style=\"font-weight: 400;\">Zwischen dem Nervenkitzel bei der Troph\u00e4enjagt, gab es gute Unterhaltungen und leckerer Verpflegung.<\/p>\n<p style=\"font-weight: 400;\">Als Abschluss des gelungenen Tages, stand die Siegerehrung an. Alle Troph\u00e4ensch\u00fctzen wurden mit Urkunde und Ehren-Nadel begl\u00fcckw\u00fcnscht und die K\u00f6nigs-Kette wurde ehrenvoll vom bis dahin amtierenden Fritz M\u00fcller an die neue Sch\u00fctzenk\u00f6nigin Heidrun Murche \u00fcbergeben.<\/p>\n<p style=\"font-weight: 400;\">Wir gratulieren allen Sch\u00fctzen zum Erfolg und bedanken uns bei allen Teilnehmenden. Ein gro\u00dfes Dankesch\u00f6n geht an alle Organisatoren und flei\u00dfigen Helfern f\u00fcr diesen sch\u00f6nen Vereinstag!<\/p>\n<p>Jasmin Peisker<br \/>Pressesprecherin<\/p>\n","protected":false},"excerpt":{"rendered":"<p><span class=\"span-reading-time rt-reading-time\" style=\"display: block;\"><span class=\"rt-label rt-prefix\">Lesedauer<\/span> <span class=\"rt-time\"> &lt; 1<\/span> <span class=\"rt-label rt-postfix\">Minute<\/span><\/span>Auch das diesj\u00e4hrige K\u00f6nigsadlerschie\u00dfen war wieder ein voller Erfolg. Bei sch\u00f6nem Sonnenschein trafen sich zahlreiche Vereinsmitglieder sowie einige Gastsch\u00fctzen zum Kampf um die Krone des Sch\u00fctzenk\u00f6nigs.<\/p>\n","protected":false},"author":1,"featured_media":2955,"comment_status":"closed","ping_status":"closed","sticky":false,"template":"","format":"standard","meta":{"footnotes":""},"categories":[3],"tags":[],"class_list":["post-2953","post","type-post","status-publish","format-standard","has-post-thumbnail","hentry","category-startseite"],"_links":{"self":[{"href":"https:\/\/sportschiessen-neiden.de\/index.php?rest_route=\/wp\/v2\/posts\/2953","targetHints":{"allow":["GET"]}}],"collection":[{"href":"https:\/\/sportschiessen-neiden.de\/index.php?rest_route=\/wp\/v2\/posts"}],"about":[{"href":"https:\/\/sportschiessen-neiden.de\/index.php?rest_route=\/wp\/v2\/types\/post"}],"author":[{"embeddable":true,"href":"https:\/\/sportschiessen-neiden.de\/index.php?rest_route=\/wp\/v2\/users\/1"}],"replies":[{"embeddable":true,"href":"https:\/\/sportschiessen-neiden.de\/index.php?rest_route=%2Fwp%2Fv2%2Fcomments&post=2953"}],"version-history":[{"count":1,"href":"https:\/\/sportschiessen-neiden.de\/index.php?rest_route=\/wp\/v2\/posts\/2953\/revisions"}],"predecessor-version":[{"id":2954,"href":"https:\/\/sportschiessen-neiden.de\/index.php?rest_route=\/wp\/v2\/posts\/2953\/revisions\/2954"}],"wp:featuredmedia":[{"embeddable":true,"href":"https:\/\/sportschiessen-neiden.de\/index.php?rest_route=\/wp\/v2\/media\/2955"}],"wp:attachment":[{"href":"https:\/\/sportschiessen-neiden.de\/index.php?rest_route=%2Fwp%2Fv2%2Fmedia&parent=2953"}],"wp:term":[{"taxonomy":"category","embeddable":true,"href":"https:\/\/sportschiessen-neiden.de\/index.php?rest_route=%2Fwp%2Fv2%2Fcategories&post=2953"},{"taxonomy":"post_tag","embeddable":true,"href":"https:\/\/sportschiessen-neiden.de\/index.php?rest_route=%2Fwp%2Fv2%2Ftags&post=2953"}],"curies":[{"name":"wp","href":"https:\/\/api.w.org\/{rel}","templated":true}]}}