{"id":26,"date":"2017-07-26T16:18:35","date_gmt":"2017-07-26T16:18:35","guid":{"rendered":"http:\/\/schiesssportclubneiden.apps-1and1.net\/?p=26"},"modified":"2017-09-02T20:47:38","modified_gmt":"2017-09-02T20:47:38","slug":"mockritzerin-wurde-europameister","status":"publish","type":"post","link":"https:\/\/sportschiessen-neiden.de\/?p=26","title":{"rendered":"Mockritzerin wurde Europameister"},"content":{"rendered":"<span class=\"span-reading-time rt-reading-time\" style=\"display: block;\"><span class=\"rt-label rt-prefix\">Lesedauer<\/span> <span class=\"rt-time\"> &lt; 1<\/span> <span class=\"rt-label rt-postfix\">Minute<\/span><\/span><p><strong>Europameisterschaft der Sportsch\u00fctzen in Baku<br \/>\n26. Juli 2017<br \/>\n<\/strong><\/p>\n<p>Gegenwertig finden in Baku, der Hauptstadt Aserbaidschans, die Europameisterschaften der Sportsch\u00fctzen statt. Der Deutsche Sch\u00fctzenbund <!--more-->(DSB) schickte ein gro\u00dfes Aufgebot ans Kaspische Meer. Unter den 77 Sch\u00fctzinnen und Sch\u00fctzen sind auch 24 Starter in den Wurfscheiben- Disziplinen. Nachdem der Spitzen- Trapsch\u00fctze des SSC Neiden, Paul Pigorsch, die Qualifikation zur EM bei den M\u00e4nnern ganz knapp verpasst hatte, war es um so erfreulicher, dass unsere Junioren- Sch\u00fctzin, Kathrin Murche aus Mockritz, auf Grund ihrer sehr guten Leistungen und der erreichten Qualifikationsnorm zur EM delegiert werden konnte. Kathrin startet zwar f\u00fcr die Sch\u00fctzengilde Frankfurt\/Oder (SGi FFO), da sie an der Sportschule Frankfurt\/Oder ihre schulische Ausbildung fortf\u00fchrt und am dortigen Bundest\u00fctzpunkt trainiert. Aber als Mitglied unseres Vereins, wo sie die Grundlagen des Sportschie\u00dfens erlernte und der Grundstein f\u00fcr ihre guten Leistungen im Trap gelegt wurde, \u201evertritt\u201c sie nat\u00fcrlich auch die Torgauer Region.<\/p>\n<p>Die Titelk\u00e4mpfe der Europameisterschaft sind f\u00fcr die Nachwuchssch\u00fctzen\/innen in der nacholympischen Saison der H\u00f6hepunkt im Sch\u00fctzenjahr 2017. Denn sie bedeuten nicht nur eine M\u00f6glichkeit zur Best\u00e4tigung der Top-Leistungen auf internationaler Ebene, sondern dieser sportliche Vergleich unter gr\u00f6\u00dfter Wettkampfanspannung ist auch ein Nachweis des Entwicklungsstandes und K\u00f6nnens der aktuellen Sch\u00fctzen-Hoffnungen auf dem Weg zu den n\u00e4chsten Olympischen Spielen.<\/p>\n<p>Was diesbez\u00fcglich in ihnen steckt, zeigten die Wurfscheiben-Juniorinnen des DSB bei ihrem<br \/>\nWettkampf zu Wochenbeginn in Baku. Im Trap- Schie\u00dfen haben die drei M\u00e4dels Gro\u00dfes geleistet. Mit einem Doppelerfolg wurden Marie Louis Meyer (SG Oberhof) und Bettina Valdorf (SGi FFO) Europa- bzw. Vize-Europameisterin. Ein Superergebnis, das mit dem 10. Platz durch Kathrin Murche abgerundet wurde. Die erreichten Leistungen passten perfekt, denn mit dem Gesamtergebnis der drei Sch\u00fctzinnen wurden sie Mannschafts- Europameister.<br \/>\nVorstand und Mitglieder des SSCN97e.V. sind stolz auf Kathrin und gratulieren ganz herzlich zu diesem hervorragenden sportlichen Erfolg.<\/p>\n","protected":false},"excerpt":{"rendered":"<p><span class=\"span-reading-time rt-reading-time\" style=\"display: block;\"><span class=\"rt-label rt-prefix\">Lesedauer<\/span> <span class=\"rt-time\"> &lt; 1<\/span> <span class=\"rt-label rt-postfix\">Minute<\/span><\/span>Europameisterschaft der Sportsch\u00fctzen in Baku 26. Juli 2017 Gegenwertig finden in Baku, der Hauptstadt Aserbaidschans, die Europameisterschaften der Sportsch\u00fctzen statt. Der Deutsche Sch\u00fctzenbund<\/p>\n","protected":false},"author":1,"featured_media":0,"comment_status":"closed","ping_status":"closed","sticky":false,"template":"","format":"standard","meta":{"footnotes":""},"categories":[3],"tags":[6,5,4],"class_list":["post-26","post","type-post","status-publish","format-standard","hentry","category-startseite","tag-europameisterschaft","tag-kathrin-murche","tag-trap"],"_links":{"self":[{"href":"https:\/\/sportschiessen-neiden.de\/index.php?rest_route=\/wp\/v2\/posts\/26","targetHints":{"allow":["GET"]}}],"collection":[{"href":"https:\/\/sportschiessen-neiden.de\/index.php?rest_route=\/wp\/v2\/posts"}],"about":[{"href":"https:\/\/sportschiessen-neiden.de\/index.php?rest_route=\/wp\/v2\/types\/post"}],"author":[{"embeddable":true,"href":"https:\/\/sportschiessen-neiden.de\/index.php?rest_route=\/wp\/v2\/users\/1"}],"replies":[{"embeddable":true,"href":"https:\/\/sportschiessen-neiden.de\/index.php?rest_route=%2Fwp%2Fv2%2Fcomments&post=26"}],"version-history":[{"count":1,"href":"https:\/\/sportschiessen-neiden.de\/index.php?rest_route=\/wp\/v2\/posts\/26\/revisions"}],"predecessor-version":[{"id":27,"href":"https:\/\/sportschiessen-neiden.de\/index.php?rest_route=\/wp\/v2\/posts\/26\/revisions\/27"}],"wp:attachment":[{"href":"https:\/\/sportschiessen-neiden.de\/index.php?rest_route=%2Fwp%2Fv2%2Fmedia&parent=26"}],"wp:term":[{"taxonomy":"category","embeddable":true,"href":"https:\/\/sportschiessen-neiden.de\/index.php?rest_route=%2Fwp%2Fv2%2Fcategories&post=26"},{"taxonomy":"post_tag","embeddable":true,"href":"https:\/\/sportschiessen-neiden.de\/index.php?rest_route=%2Fwp%2Fv2%2Ftags&post=26"}],"curies":[{"name":"wp","href":"https:\/\/api.w.org\/{rel}","templated":true}]}}