{"id":2201,"date":"2023-04-26T17:44:46","date_gmt":"2023-04-26T15:44:46","guid":{"rendered":"https:\/\/sportschiessen-neiden.de\/?p=2201"},"modified":"2023-04-26T17:45:57","modified_gmt":"2023-04-26T15:45:57","slug":"laendervergleich-in-elxleben","status":"publish","type":"post","link":"https:\/\/sportschiessen-neiden.de\/?p=2201","title":{"rendered":"L\u00e4ndervergleich in Elxleben"},"content":{"rendered":"<span class=\"span-reading-time rt-reading-time\" style=\"display: block;\"><span class=\"rt-label rt-prefix\">Lesedauer<\/span> <span class=\"rt-time\"> 2<\/span> <span class=\"rt-label rt-postfix\">Minuten<\/span><\/span><p>Ein Termin ist bei den Neidener Laufende Scheibe Sch\u00fctzen immer fest im Kalender notiert, um ihn wahrzunehmen \u2013 der L\u00e4ndervergleich im Th\u00fcringischen Elxleben. Und so reisten die Sportsch\u00fctzen auch am vergangenen Samstag wieder ins Geratal.<!--more--><\/p>\n<p>Der SSCN war mit seinen Sch\u00fctzen in der Sch\u00fclerklasse, Jugendklasse sowie Damen- bzw. Herrenklasse vertreten und somit breit aufgestellt. Beim L\u00e4ndervergleich werden traditionell zwei Wettk\u00e4mpfe geschossen, die in einer Pokalwertung m\u00fcnden.<\/p>\n<p>Paul M\u00f6llmer trat in der Sch\u00fclerklasse an. Er schoss 314 Ringe im ersten Wettkampf und wurde nach einem Stechen um den ersten Rang Erster. In Wettkampf zwei landete er mit 293 Ringen auf Platz zwei. Die Pokalwertung ergab eine Ringzahl von 607, was leider den zweiten Platz bedeutete.<\/p>\n<p>Lena Alles und Collin Brauer schie\u00dfen das erste Jahr in der Jugendklasse. Collin wurde in beiden Wettk\u00e4mpfen mit 498 und 484 Ringen Erster und sicherte sich auch den Siegerpokal in der Gesamtwertung (Anmerkung: Ab der Jugendklasse ging das beste Ergebnis der beiden Wettk\u00e4mpfe in die Pokalwertung ein). Lena Alles wurde mit 383 und 394 Ringen, die f\u00fcr sie pers\u00f6nlich eine gute Leistung sind, zun\u00e4chst F\u00fcnfte und dann Vierte. In der Pokalwertung bedeutete ihre Leistung wiederum Rang f\u00fcnf.<\/p>\n<p>Die Herren und Damenklasse, in der Diana Kammer antrat, wurde zu einer Klasse zusammengef\u00fchrt. Mit 525 Ringen im ersten Wettkampf landete sie im Mittelfeld auf dem 12. Platz. Den zweiten Wettkampf nutzen die zahlreichen anderen Teilnehmer aus Sachsen, Th\u00fcringen, W\u00fcrttemberg, Rheinland, Hessen, Westfalen, Schwaben und Bayern f\u00fcr einen Leistungsvergleich in der Disziplin Laufende Scheibe 50 m. So blieb im Bereich 10 m zum zweiten Wettkampf nur Diana und eine weitere Starterin. Beide machten dies unter sich aus und gingen mit 503 Treffern ringgleich aus dem Wettkampf hervor. Letztendlich reichte Diana`s Ergebnis nur f\u00fcr den zweiten Platz.<\/p>\n<p>Mit fast 40 Startern war dies ein sehr gut besuchter Wettkampf, der viele Laufende Scheibe Sch\u00fctzen aus dem gesamten Bundesgebiet zusammenbrachte.<\/p>\n<p>Diana Kammer<\/p>\n<div id='gallery-1' class='gallery galleryid-2201 gallery-columns-3 gallery-size-thumbnail'><figure class='gallery-item'>\n\t\t\t<div class='gallery-icon landscape'>\n\t\t\t\t<a href='https:\/\/sportschiessen-neiden.de\/wp-content\/uploads\/2023\/04\/Foto1_Brauer_Walter_Angermann-scaled.jpg'><img loading=\"lazy\" decoding=\"async\" width=\"150\" height=\"150\" src=\"https:\/\/sportschiessen-neiden.de\/wp-content\/uploads\/2023\/04\/Foto1_Brauer_Walter_Angermann-150x150.jpg\" class=\"attachment-thumbnail size-thumbnail\" alt=\"\" aria-describedby=\"gallery-1-2202\" srcset=\"https:\/\/sportschiessen-neiden.de\/wp-content\/uploads\/2023\/04\/Foto1_Brauer_Walter_Angermann-150x150.jpg 150w, https:\/\/sportschiessen-neiden.de\/wp-content\/uploads\/2023\/04\/Foto1_Brauer_Walter_Angermann-100x100.jpg 100w\" sizes=\"auto, 100vw\" data-copyright=\"\" data-headline=\"Pokalwertung: v.l.n.r (Collin Brauer, SSCN; Tjard Walter, Elxleben; Marco Angermann, Landesreferent Lfd. Scheibe in Th\u00fcringen; nicht im Bild: 2. Platz Jan Kirchner, Mellenbach)\" data-description=\"\" \/><\/a>\n\t\t\t<\/div>\n\t\t\t\t<figcaption class='wp-caption-text gallery-caption' id='gallery-1-2202'>\n\t\t\t\tPokalwertung: v.l.n.r (Collin Brauer, SSCN; Tjard Walter, Elxleben; Marco Angermann, Landesreferent Lfd. Scheibe in Th\u00fcringen; nicht im Bild: 2. Platz Jan Kirchner, Mellenbach)\n\t\t\t\t<\/figcaption><\/figure><figure class='gallery-item'>\n\t\t\t<div class='gallery-icon landscape'>\n\t\t\t\t<a href='https:\/\/sportschiessen-neiden.de\/wp-content\/uploads\/2023\/04\/Foto2_Angermann_Bober_Moellmer_Walter-scaled.jpg'><img loading=\"lazy\" decoding=\"async\" width=\"150\" height=\"150\" src=\"https:\/\/sportschiessen-neiden.de\/wp-content\/uploads\/2023\/04\/Foto2_Angermann_Bober_Moellmer_Walter-150x150.jpg\" class=\"attachment-thumbnail size-thumbnail\" alt=\"\" aria-describedby=\"gallery-1-2203\" srcset=\"https:\/\/sportschiessen-neiden.de\/wp-content\/uploads\/2023\/04\/Foto2_Angermann_Bober_Moellmer_Walter-150x150.jpg 150w, https:\/\/sportschiessen-neiden.de\/wp-content\/uploads\/2023\/04\/Foto2_Angermann_Bober_Moellmer_Walter-100x100.jpg 100w\" sizes=\"auto, 100vw\" data-copyright=\"\" data-headline=\"Einzelwertung WK 1:  v.l.n.r (Marco Angermann, Landesreferent Lfd. Scheibe in Th\u00fcringen; Elias Bober, Elxleben; Paul M\u00f6llmer, SSCN; Kjell Walter, Elxleben)\" data-description=\"\" \/><\/a>\n\t\t\t<\/div>\n\t\t\t\t<figcaption class='wp-caption-text gallery-caption' id='gallery-1-2203'>\n\t\t\t\tEinzelwertung WK 1:  v.l.n.r (Marco Angermann, Landesreferent Lfd. Scheibe in Th\u00fcringen; Elias Bober, Elxleben; Paul M\u00f6llmer, SSCN; Kjell Walter, Elxleben)\n\t\t\t\t<\/figcaption><\/figure><figure class='gallery-item'>\n\t\t\t<div class='gallery-icon landscape'>\n\t\t\t\t<a href='https:\/\/sportschiessen-neiden.de\/wp-content\/uploads\/2023\/04\/Foto3_Angerman_Kammer_Reh-scaled.jpg'><img loading=\"lazy\" decoding=\"async\" width=\"150\" height=\"150\" src=\"https:\/\/sportschiessen-neiden.de\/wp-content\/uploads\/2023\/04\/Foto3_Angerman_Kammer_Reh-150x150.jpg\" class=\"attachment-thumbnail size-thumbnail\" alt=\"\" aria-describedby=\"gallery-1-2204\" srcset=\"https:\/\/sportschiessen-neiden.de\/wp-content\/uploads\/2023\/04\/Foto3_Angerman_Kammer_Reh-150x150.jpg 150w, https:\/\/sportschiessen-neiden.de\/wp-content\/uploads\/2023\/04\/Foto3_Angerman_Kammer_Reh-100x100.jpg 100w\" sizes=\"auto, 100vw\" data-copyright=\"\" data-headline=\"Einzelwertung WK 2: v.l.n.r (Marco Angermann, Landesreferent Lfd. Scheibe in Th\u00fcringen; Diana Kammer, SSCN; Sophie Reh,  SV Connewitz)\n\" data-description=\"\" \/><\/a>\n\t\t\t<\/div>\n\t\t\t\t<figcaption class='wp-caption-text gallery-caption' id='gallery-1-2204'>\n\t\t\t\tEinzelwertung WK 2: v.l.n.r (Marco Angermann, Landesreferent Lfd. Scheibe in Th\u00fcringen; Diana Kammer, SSCN; Sophie Reh,  SV Connewitz)\n\n\t\t\t\t<\/figcaption><\/figure>\n\t\t<\/div>\n\n","protected":false},"excerpt":{"rendered":"<p><span class=\"span-reading-time rt-reading-time\" style=\"display: block;\"><span class=\"rt-label rt-prefix\">Lesedauer<\/span> <span class=\"rt-time\"> 2<\/span> <span class=\"rt-label rt-postfix\">Minuten<\/span><\/span>Ein Termin ist bei den Neidener Laufende Scheibe Sch\u00fctzen immer fest im Kalender notiert, um ihn wahrzunehmen \u2013 der L\u00e4ndervergleich im Th\u00fcringischen Elxleben. Und so reisten die Sportsch\u00fctzen auch am &hellip; <\/p>\n<p class=\"link-more\"><a href=\"https:\/\/sportschiessen-neiden.de\/?p=2201\" class=\"more-link\"><span class=\"screen-reader-text\">\u201eL\u00e4ndervergleich in Elxleben\u201c <\/span>weiterlesen<\/a><\/p>\n","protected":false},"author":1,"featured_media":2203,"comment_status":"closed","ping_status":"closed","sticky":false,"template":"","format":"standard","meta":{"footnotes":""},"categories":[7,3],"tags":[],"class_list":["post-2201","post","type-post","status-publish","format-standard","has-post-thumbnail","hentry","category-ergebnisse","category-startseite"],"_links":{"self":[{"href":"https:\/\/sportschiessen-neiden.de\/index.php?rest_route=\/wp\/v2\/posts\/2201","targetHints":{"allow":["GET"]}}],"collection":[{"href":"https:\/\/sportschiessen-neiden.de\/index.php?rest_route=\/wp\/v2\/posts"}],"about":[{"href":"https:\/\/sportschiessen-neiden.de\/index.php?rest_route=\/wp\/v2\/types\/post"}],"author":[{"embeddable":true,"href":"https:\/\/sportschiessen-neiden.de\/index.php?rest_route=\/wp\/v2\/users\/1"}],"replies":[{"embeddable":true,"href":"https:\/\/sportschiessen-neiden.de\/index.php?rest_route=%2Fwp%2Fv2%2Fcomments&post=2201"}],"version-history":[{"count":3,"href":"https:\/\/sportschiessen-neiden.de\/index.php?rest_route=\/wp\/v2\/posts\/2201\/revisions"}],"predecessor-version":[{"id":2207,"href":"https:\/\/sportschiessen-neiden.de\/index.php?rest_route=\/wp\/v2\/posts\/2201\/revisions\/2207"}],"wp:featuredmedia":[{"embeddable":true,"href":"https:\/\/sportschiessen-neiden.de\/index.php?rest_route=\/wp\/v2\/media\/2203"}],"wp:attachment":[{"href":"https:\/\/sportschiessen-neiden.de\/index.php?rest_route=%2Fwp%2Fv2%2Fmedia&parent=2201"}],"wp:term":[{"taxonomy":"category","embeddable":true,"href":"https:\/\/sportschiessen-neiden.de\/index.php?rest_route=%2Fwp%2Fv2%2Fcategories&post=2201"},{"taxonomy":"post_tag","embeddable":true,"href":"https:\/\/sportschiessen-neiden.de\/index.php?rest_route=%2Fwp%2Fv2%2Ftags&post=2201"}],"curies":[{"name":"wp","href":"https:\/\/api.w.org\/{rel}","templated":true}]}}