{"id":2186,"date":"2023-04-07T09:54:45","date_gmt":"2023-04-07T07:54:45","guid":{"rendered":"https:\/\/sportschiessen-neiden.de\/?p=2186"},"modified":"2023-04-07T09:55:43","modified_gmt":"2023-04-07T07:55:43","slug":"sportlerehrung-2022-mit-spannung-erwartet","status":"publish","type":"post","link":"https:\/\/sportschiessen-neiden.de\/?p=2186","title":{"rendered":"Sportlerehrung 2022 mit Spannung erwartet"},"content":{"rendered":"<span class=\"span-reading-time rt-reading-time\" style=\"display: block;\"><span class=\"rt-label rt-prefix\">Lesedauer<\/span> <span class=\"rt-time\"> 2<\/span> <span class=\"rt-label rt-postfix\">Minuten<\/span><\/span><p>Es lag ein f\u00f6rmliches Knistern von Spannung in der Luft, als die Trainer, Sportler, deren Eltern und Freunde am vergangenen Samstag den Saal des Torgauer Kreiskulturhauses betraten. Endlich sollten sie erfahren, wer die Sportlerehrungen gewonnen hat.<!--more--><br \/>\nDoch zun\u00e4chst ein kurzer R\u00fcckblick:<br \/>\nBereits Ende Januar hatte der Vorstand des Schie\u00dfsportclub Neiden 1997 e.V. drei Nominierungen f\u00fcr die Sportlerehrung beim Veranstalter, der Gro\u00dfen Kreisstadt Torgau und dem Verein Torgau Kultur e.V. eingereicht. Nach der Jurysitzung Anfang Februar stand fest \u2013 unsere nominierten Sportler sind dabei. Zur Wahl standen nun bei den \u201eSportlerinnen des Jahres\u201c Kathrin Murche und unter den \u201eSportlern des Jahres\u201c Marco Kro\u00df. F\u00fcr den \u201eNachwuchssportler des Jahres\u201c schaffte es Fritz M\u00fcller ins Voting und f\u00fcr die \u201eMannschaft des Jahres\u201c war das Sch\u00fclerteam der Laufenden Scheibe gesetzt.<br \/>\nNun galt es das Telefonvoting zu nutzen und f\u00fcr unsere Sportler &amp; Sportlerinnen flei\u00dfig anzurufen. Das taten auch alle und so ergab sich die Platzierung f\u00fcr die Sportlerehrung am 1. April folgenderma\u00dfen.<br \/>\nAls erstes erfolgte die Ehrung der \u201eNachwuchssportler des Jahres\u201c. Hier gab es keinen dritten Platz unter den drei Nominierten, sondern zweimal Platz zwei. Fritz M\u00fcller wurde sowohl von der Jury als auch im Telefonvoting Zweiter und damit Vize-Sportler des Jahres 20222!<br \/>\nWeiter ging mit der Wertung \u201eSportlerin des Jahres\u201c. Auch hier gab es drei nominierte Damen. Kathrin Murche, die am vergangenen Samstag f\u00fcr die deutsche Nationalmannschaft zum Weltcup auf Zypern um Pl\u00e4tze k\u00e4mpfte und nicht zugegen sein konnte, wurde sowohl nach der Bewertung der Jury als auch nach mit den Telefonanrufen Dritte. Sie wurde mit Bronze unter den \u201eSportlerinnen des Jahres 2022\u201c beschert und bedankte sich mittels Videobotschaft.<br \/>\nMarco Kro\u00df ging nach Jurywertung als Zweiter ins Rennen. Im Telefonvoting landete er auf Rang drei und somit ergab sich insgesamt der Titel Vize-Sportler des Jahres 2022!<br \/>\nBis hierhin schien der Abend einen sogenannten \u201eSilberlauf\u201c f\u00fcr den SSCN zu nehmen, doch die K\u00f6nigsklasse der Mannschaftwertung stand noch aus. Da diese Verk\u00fcndung immer f\u00fcr besondere Euphorie sorgt, behielt sich der Veranstalter dies f\u00fcr das Ende auf. Das Sch\u00fclerteam um Paul M\u00f6llmer, Collin Brauer und Lena Alles fieberte mit Trainer Rico Heyde um jeden Platz, den es galt, weiter vorne einzunehmen. Und so wurden die Pl\u00e4tze sieben bis vier genannt, aber darunter war nicht das Dreier-Team. Die Freude war gro\u00dfe als dann Platz drei feststand und die Nachwuchs-sch\u00fctzen des SSCN mit Stolz ihre Urkunde &amp; Preise in Empfang nehmen konnten. Die Jury setzte das Sch\u00fclerteam sogar auf Platz eins! Nur das Telefonvoting reichte nicht aus und erzeugte Platz sieben. Aber mit Platz drei in dieser Wertung konnten alle mehr als zufrieden sein.<br \/>\nDennoch alles in allem war es eine sch\u00f6ne Veranstaltung, die kulturell abgerundet war. Die Sportlerehrung ist und bleibt eine gute Gelegenheit zur W\u00fcrdigung des Sports, der Sportler, deren Leistungen und des Ehrenamtes. F\u00fcr die Teilnehmer des SSC Neiden hei\u00dft dies im kommenden Jahr den Telefonh\u00f6rer \u00f6fter in die Hand zu nehmen.<\/p>\n<p>Text: Diana Kammer\/ Bilder: privat<\/p>\n<div id='gallery-1' class='gallery galleryid-2186 gallery-columns-4 gallery-size-thumbnail'><figure class='gallery-item'>\n\t\t\t<div class='gallery-icon landscape'>\n\t\t\t\t<a href='https:\/\/sportschiessen-neiden.de\/wp-content\/uploads\/2023\/04\/Schuelerteam-Lena-Paul-Collin.jpeg'><img loading=\"lazy\" decoding=\"async\" width=\"150\" height=\"150\" src=\"https:\/\/sportschiessen-neiden.de\/wp-content\/uploads\/2023\/04\/Schuelerteam-Lena-Paul-Collin-150x150.jpeg\" class=\"attachment-thumbnail size-thumbnail\" alt=\"\" aria-describedby=\"gallery-1-2194\" srcset=\"https:\/\/sportschiessen-neiden.de\/wp-content\/uploads\/2023\/04\/Schuelerteam-Lena-Paul-Collin-150x150.jpeg 150w, https:\/\/sportschiessen-neiden.de\/wp-content\/uploads\/2023\/04\/Schuelerteam-Lena-Paul-Collin-100x100.jpeg 100w\" sizes=\"auto, 100vw\" data-copyright=\"\" data-headline=\"Schuelerteam-Lena-Paul-Collin\" data-description=\"\" \/><\/a>\n\t\t\t<\/div>\n\t\t\t\t<figcaption class='wp-caption-text gallery-caption' id='gallery-1-2194'>\n\t\t\t\tSchuelerteam-Lena-Paul-Collin\n\t\t\t\t<\/figcaption><\/figure><figure class='gallery-item'>\n\t\t\t<div class='gallery-icon landscape'>\n\t\t\t\t<a href='https:\/\/sportschiessen-neiden.de\/wp-content\/uploads\/2023\/04\/Schuelerteam-Lena-Paul-Collin-III.jpeg'><img loading=\"lazy\" decoding=\"async\" width=\"150\" height=\"150\" src=\"https:\/\/sportschiessen-neiden.de\/wp-content\/uploads\/2023\/04\/Schuelerteam-Lena-Paul-Collin-III-150x150.jpeg\" class=\"attachment-thumbnail size-thumbnail\" alt=\"\" aria-describedby=\"gallery-1-2193\" srcset=\"https:\/\/sportschiessen-neiden.de\/wp-content\/uploads\/2023\/04\/Schuelerteam-Lena-Paul-Collin-III-150x150.jpeg 150w, https:\/\/sportschiessen-neiden.de\/wp-content\/uploads\/2023\/04\/Schuelerteam-Lena-Paul-Collin-III-100x100.jpeg 100w\" sizes=\"auto, 100vw\" data-copyright=\"\" data-headline=\"Schuelerteam-Lena-Paul-Collin-III\" data-description=\"\" \/><\/a>\n\t\t\t<\/div>\n\t\t\t\t<figcaption class='wp-caption-text gallery-caption' id='gallery-1-2193'>\n\t\t\t\tSchuelerteam-Lena-Paul-Collin-III\n\t\t\t\t<\/figcaption><\/figure><figure class='gallery-item'>\n\t\t\t<div class='gallery-icon landscape'>\n\t\t\t\t<a href='https:\/\/sportschiessen-neiden.de\/wp-content\/uploads\/2023\/04\/Schuelerteam-Lena-Paul-Collin-II.jpeg'><img loading=\"lazy\" decoding=\"async\" width=\"150\" height=\"150\" src=\"https:\/\/sportschiessen-neiden.de\/wp-content\/uploads\/2023\/04\/Schuelerteam-Lena-Paul-Collin-II-150x150.jpeg\" class=\"attachment-thumbnail size-thumbnail\" alt=\"\" aria-describedby=\"gallery-1-2192\" srcset=\"https:\/\/sportschiessen-neiden.de\/wp-content\/uploads\/2023\/04\/Schuelerteam-Lena-Paul-Collin-II-150x150.jpeg 150w, https:\/\/sportschiessen-neiden.de\/wp-content\/uploads\/2023\/04\/Schuelerteam-Lena-Paul-Collin-II-100x100.jpeg 100w\" sizes=\"auto, 100vw\" data-copyright=\"\" data-headline=\"Schuelerteam-Lena-Paul-Collin-II\" data-description=\"\" \/><\/a>\n\t\t\t<\/div>\n\t\t\t\t<figcaption class='wp-caption-text gallery-caption' id='gallery-1-2192'>\n\t\t\t\tSchuelerteam-Lena-Paul-Collin-II\n\t\t\t\t<\/figcaption><\/figure><figure class='gallery-item'>\n\t\t\t<div class='gallery-icon portrait'>\n\t\t\t\t<a href='https:\/\/sportschiessen-neiden.de\/wp-content\/uploads\/2023\/04\/Pokal.jpeg'><img loading=\"lazy\" decoding=\"async\" width=\"150\" height=\"150\" src=\"https:\/\/sportschiessen-neiden.de\/wp-content\/uploads\/2023\/04\/Pokal-150x150.jpeg\" class=\"attachment-thumbnail size-thumbnail\" alt=\"\" aria-describedby=\"gallery-1-2191\" srcset=\"https:\/\/sportschiessen-neiden.de\/wp-content\/uploads\/2023\/04\/Pokal-150x150.jpeg 150w, https:\/\/sportschiessen-neiden.de\/wp-content\/uploads\/2023\/04\/Pokal-100x100.jpeg 100w\" sizes=\"auto, 100vw\" data-copyright=\"\" data-headline=\"Pokal\" data-description=\"\" \/><\/a>\n\t\t\t<\/div>\n\t\t\t\t<figcaption class='wp-caption-text gallery-caption' id='gallery-1-2191'>\n\t\t\t\tPokal\n\t\t\t\t<\/figcaption><\/figure><figure class='gallery-item'>\n\t\t\t<div class='gallery-icon landscape'>\n\t\t\t\t<a href='https:\/\/sportschiessen-neiden.de\/wp-content\/uploads\/2023\/04\/Marco-Kross.jpeg'><img loading=\"lazy\" decoding=\"async\" width=\"150\" height=\"150\" src=\"https:\/\/sportschiessen-neiden.de\/wp-content\/uploads\/2023\/04\/Marco-Kross-150x150.jpeg\" class=\"attachment-thumbnail size-thumbnail\" alt=\"\" aria-describedby=\"gallery-1-2190\" srcset=\"https:\/\/sportschiessen-neiden.de\/wp-content\/uploads\/2023\/04\/Marco-Kross-150x150.jpeg 150w, https:\/\/sportschiessen-neiden.de\/wp-content\/uploads\/2023\/04\/Marco-Kross-100x100.jpeg 100w\" sizes=\"auto, 100vw\" data-copyright=\"\" data-headline=\"Marco Kross\" data-description=\"\" \/><\/a>\n\t\t\t<\/div>\n\t\t\t\t<figcaption class='wp-caption-text gallery-caption' id='gallery-1-2190'>\n\t\t\t\tMarco Kross\n\t\t\t\t<\/figcaption><\/figure><figure class='gallery-item'>\n\t\t\t<div class='gallery-icon landscape'>\n\t\t\t\t<a href='https:\/\/sportschiessen-neiden.de\/wp-content\/uploads\/2023\/04\/Fritz-Mueller.jpeg'><img loading=\"lazy\" decoding=\"async\" width=\"150\" height=\"150\" src=\"https:\/\/sportschiessen-neiden.de\/wp-content\/uploads\/2023\/04\/Fritz-Mueller-150x150.jpeg\" class=\"attachment-thumbnail size-thumbnail\" alt=\"\" aria-describedby=\"gallery-1-2188\" srcset=\"https:\/\/sportschiessen-neiden.de\/wp-content\/uploads\/2023\/04\/Fritz-Mueller-150x150.jpeg 150w, https:\/\/sportschiessen-neiden.de\/wp-content\/uploads\/2023\/04\/Fritz-Mueller-100x100.jpeg 100w\" sizes=\"auto, 100vw\" data-copyright=\"\" data-headline=\"Fritz M\u00fcller\" data-description=\"\" \/><\/a>\n\t\t\t<\/div>\n\t\t\t\t<figcaption class='wp-caption-text gallery-caption' id='gallery-1-2188'>\n\t\t\t\tFritz M\u00fcller\n\t\t\t\t<\/figcaption><\/figure><figure class='gallery-item'>\n\t\t\t<div class='gallery-icon landscape'>\n\t\t\t\t<a href='https:\/\/sportschiessen-neiden.de\/wp-content\/uploads\/2023\/04\/Marco-Kross-II.jpeg'><img loading=\"lazy\" decoding=\"async\" width=\"150\" height=\"150\" src=\"https:\/\/sportschiessen-neiden.de\/wp-content\/uploads\/2023\/04\/Marco-Kross-II-150x150.jpeg\" class=\"attachment-thumbnail size-thumbnail\" alt=\"\" aria-describedby=\"gallery-1-2189\" srcset=\"https:\/\/sportschiessen-neiden.de\/wp-content\/uploads\/2023\/04\/Marco-Kross-II-150x150.jpeg 150w, https:\/\/sportschiessen-neiden.de\/wp-content\/uploads\/2023\/04\/Marco-Kross-II-100x100.jpeg 100w\" sizes=\"auto, 100vw\" data-copyright=\"\" data-headline=\"Marco-Kross\" data-description=\"\" \/><\/a>\n\t\t\t<\/div>\n\t\t\t\t<figcaption class='wp-caption-text gallery-caption' id='gallery-1-2189'>\n\t\t\t\tMarco-Kross\n\t\t\t\t<\/figcaption><\/figure>\n\t\t<\/div>\n\n","protected":false},"excerpt":{"rendered":"<p><span class=\"span-reading-time rt-reading-time\" style=\"display: block;\"><span class=\"rt-label rt-prefix\">Lesedauer<\/span> <span class=\"rt-time\"> 2<\/span> <span class=\"rt-label rt-postfix\">Minuten<\/span><\/span>Es lag ein f\u00f6rmliches Knistern von Spannung in der Luft, als die Trainer, Sportler, deren Eltern und Freunde am vergangenen Samstag den Saal des Torgauer Kreiskulturhauses betraten. Endlich sollten sie &hellip; <\/p>\n<p class=\"link-more\"><a href=\"https:\/\/sportschiessen-neiden.de\/?p=2186\" class=\"more-link\"><span class=\"screen-reader-text\">\u201eSportlerehrung 2022 mit Spannung erwartet\u201c <\/span>weiterlesen<\/a><\/p>\n","protected":false},"author":1,"featured_media":2187,"comment_status":"closed","ping_status":"closed","sticky":false,"template":"","format":"standard","meta":{"footnotes":""},"categories":[3],"tags":[],"class_list":["post-2186","post","type-post","status-publish","format-standard","has-post-thumbnail","hentry","category-startseite"],"_links":{"self":[{"href":"https:\/\/sportschiessen-neiden.de\/index.php?rest_route=\/wp\/v2\/posts\/2186","targetHints":{"allow":["GET"]}}],"collection":[{"href":"https:\/\/sportschiessen-neiden.de\/index.php?rest_route=\/wp\/v2\/posts"}],"about":[{"href":"https:\/\/sportschiessen-neiden.de\/index.php?rest_route=\/wp\/v2\/types\/post"}],"author":[{"embeddable":true,"href":"https:\/\/sportschiessen-neiden.de\/index.php?rest_route=\/wp\/v2\/users\/1"}],"replies":[{"embeddable":true,"href":"https:\/\/sportschiessen-neiden.de\/index.php?rest_route=%2Fwp%2Fv2%2Fcomments&post=2186"}],"version-history":[{"count":1,"href":"https:\/\/sportschiessen-neiden.de\/index.php?rest_route=\/wp\/v2\/posts\/2186\/revisions"}],"predecessor-version":[{"id":2195,"href":"https:\/\/sportschiessen-neiden.de\/index.php?rest_route=\/wp\/v2\/posts\/2186\/revisions\/2195"}],"wp:featuredmedia":[{"embeddable":true,"href":"https:\/\/sportschiessen-neiden.de\/index.php?rest_route=\/wp\/v2\/media\/2187"}],"wp:attachment":[{"href":"https:\/\/sportschiessen-neiden.de\/index.php?rest_route=%2Fwp%2Fv2%2Fmedia&parent=2186"}],"wp:term":[{"taxonomy":"category","embeddable":true,"href":"https:\/\/sportschiessen-neiden.de\/index.php?rest_route=%2Fwp%2Fv2%2Fcategories&post=2186"},{"taxonomy":"post_tag","embeddable":true,"href":"https:\/\/sportschiessen-neiden.de\/index.php?rest_route=%2Fwp%2Fv2%2Ftags&post=2186"}],"curies":[{"name":"wp","href":"https:\/\/api.w.org\/{rel}","templated":true}]}}